{"id":1660,"date":"2025-05-31T07:41:05","date_gmt":"2025-05-31T05:41:05","guid":{"rendered":"https:\/\/hak-feldkirch.at\/cms\/?p=1660"},"modified":"2025-06-02T21:09:29","modified_gmt":"2025-06-02T19:09:29","slug":"nachhaltig-reisen","status":"publish","type":"post","link":"https:\/\/hak-feldkirch.at\/cms\/nachhaltig-reisen\/","title":{"rendered":"&#8222;Nachhaltig Reisen&#8220;"},"content":{"rendered":"\t\t<div data-elementor-type=\"wp-post\" data-elementor-id=\"1660\" class=\"elementor elementor-1660\" data-elementor-post-type=\"post\">\n\t\t\t\t<div class=\"elementor-element elementor-element-7969b75 e-flex e-con-boxed wpr-particle-no wpr-jarallax-no wpr-parallax-no wpr-sticky-section-no wpr-equal-height-no e-con e-parent\" data-id=\"7969b75\" data-element_type=\"container\" data-e-type=\"container\">\n\t\t\t\t\t<div class=\"e-con-inner\">\n\t\t\t\t<div class=\"elementor-element elementor-element-180b4ea elementor-widget elementor-widget-text-editor\" data-id=\"180b4ea\" data-element_type=\"widget\" data-e-type=\"widget\" data-widget_type=\"text-editor.default\">\n\t\t\t\t<div class=\"elementor-widget-container\">\n\t\t\t\t\t\t\t\t\t<p>Am Freitag, dem 16. Mai 2025, nahm die Klasse 3bk der Handelsakademie Feldkirch im Rahmen des Unterrichtsfaches \u201eSustainable Tourism\u201c mit Natalie Straninger an einem spannenden Online-Workshop zum Thema \u201eNachhaltig Reisen\u201c teil. Die Veranstaltung wurde organisiert vom OeAD \u2013 \u00d6sterreichs Agentur f\u00fcr Bildung und Internationalisierung.<\/p><p>Geleitet wurde der Workshop von FH-Prof. Friedl von der FH Joanneum, einem ausgewiesenen Experten im Bereich nachhaltiger Mobilit\u00e4t, Reisen und Klimaschutz. In seiner Einf\u00fchrung gab er pers\u00f6nliche Einblicke in seinen Werdegang sowie in seine Forschungsarbeit, die sich intensiv mit dem Zusammenspiel von Reisen, Nachhaltigkeit und Klimaschutz besch\u00e4ftigt.<\/p><p>Im anschlie\u00dfenden Impulsvortrag beleuchtete Prof. Friedl zentrale Aspekte des klimafreundlichen Reisens. Dabei wurde auf Themen wie den CO\u2082-Fu\u00dfabdruck verschiedener Verkehrsmittel, das Reiseverhalten sowie Handlungsm\u00f6glichkeiten f\u00fcr Konsument:innen eingegangen.<\/p><p>Nach einer kurzen Zusammenfassung der wichtigsten Do\u2019s and Don\u2019ts des nachhaltigen Reisens erhielten die Sch\u00fcler:innen den Auftrag, in Kleingruppen ein eigenes klimafreundliches Reiseprodukt f\u00fcr ihre Zielgruppe zu entwickeln. Die Pr\u00e4sentationen der Gruppen zeigten ein hohes Ma\u00df an Kreativit\u00e4t und Engagement. Zu den vorgestellten Ideen z\u00e4hlten u.\u202fa.:<\/p>\t\t\t\t\t\t\t\t<\/div>\n\t\t\t\t<\/div>\n\t\t\t\t<div class=\"elementor-element elementor-element-e61bf13 elementor-icon-list--layout-traditional elementor-list-item-link-full_width elementor-widget elementor-widget-icon-list\" data-id=\"e61bf13\" data-element_type=\"widget\" data-e-type=\"widget\" data-widget_type=\"icon-list.default\">\n\t\t\t\t<div class=\"elementor-widget-container\">\n\t\t\t\t\t\t\t<ul class=\"elementor-icon-list-items\">\n\t\t\t\t\t\t\t<li class=\"elementor-icon-list-item\">\n\t\t\t\t\t\t\t\t\t\t\t<span class=\"elementor-icon-list-icon\">\n\t\t\t\t\t\t\t<svg aria-hidden=\"true\" class=\"e-font-icon-svg e-far-check-square\" viewBox=\"0 0 448 512\" xmlns=\"http:\/\/www.w3.org\/2000\/svg\"><path d=\"M400 32H48C21.49 32 0 53.49 0 80v352c0 26.51 21.49 48 48 48h352c26.51 0 48-21.49 48-48V80c0-26.51-21.49-48-48-48zm0 400H48V80h352v352zm-35.864-241.724L191.547 361.48c-4.705 4.667-12.303 4.637-16.97-.068l-90.781-91.516c-4.667-4.705-4.637-12.303.069-16.971l22.719-22.536c4.705-4.667 12.303-4.637 16.97.069l59.792 60.277 141.352-140.216c4.705-4.667 12.303-4.637 16.97.068l22.536 22.718c4.667 4.706 4.637 12.304-.068 16.971z\"><\/path><\/svg>\t\t\t\t\t\t<\/span>\n\t\t\t\t\t\t\t\t\t\t<span class=\"elementor-icon-list-text\">Inselurlaub auf Sizilien<\/span>\n\t\t\t\t\t\t\t\t\t<\/li>\n\t\t\t\t\t\t\t\t<li class=\"elementor-icon-list-item\">\n\t\t\t\t\t\t\t\t\t\t\t<span class=\"elementor-icon-list-icon\">\n\t\t\t\t\t\t\t<svg aria-hidden=\"true\" class=\"e-font-icon-svg e-far-check-square\" viewBox=\"0 0 448 512\" xmlns=\"http:\/\/www.w3.org\/2000\/svg\"><path d=\"M400 32H48C21.49 32 0 53.49 0 80v352c0 26.51 21.49 48 48 48h352c26.51 0 48-21.49 48-48V80c0-26.51-21.49-48-48-48zm0 400H48V80h352v352zm-35.864-241.724L191.547 361.48c-4.705 4.667-12.303 4.637-16.97-.068l-90.781-91.516c-4.667-4.705-4.637-12.303.069-16.971l22.719-22.536c4.705-4.667 12.303-4.637 16.97.069l59.792 60.277 141.352-140.216c4.705-4.667 12.303-4.637 16.97.068l22.536 22.718c4.667 4.706 4.637 12.304-.068 16.971z\"><\/path><\/svg>\t\t\t\t\t\t<\/span>\n\t\t\t\t\t\t\t\t\t\t<span class=\"elementor-icon-list-text\">Klimafreundliche Reise in die T\u00fcrkei<\/span>\n\t\t\t\t\t\t\t\t\t<\/li>\n\t\t\t\t\t\t\t\t<li class=\"elementor-icon-list-item\">\n\t\t\t\t\t\t\t\t\t\t\t<span class=\"elementor-icon-list-icon\">\n\t\t\t\t\t\t\t<svg aria-hidden=\"true\" class=\"e-font-icon-svg e-far-check-square\" viewBox=\"0 0 448 512\" xmlns=\"http:\/\/www.w3.org\/2000\/svg\"><path d=\"M400 32H48C21.49 32 0 53.49 0 80v352c0 26.51 21.49 48 48 48h352c26.51 0 48-21.49 48-48V80c0-26.51-21.49-48-48-48zm0 400H48V80h352v352zm-35.864-241.724L191.547 361.48c-4.705 4.667-12.303 4.637-16.97-.068l-90.781-91.516c-4.667-4.705-4.637-12.303.069-16.971l22.719-22.536c4.705-4.667 12.303-4.637 16.97.069l59.792 60.277 141.352-140.216c4.705-4.667 12.303-4.637 16.97.068l22.536 22.718c4.667 4.706 4.637 12.304-.068 16.971z\"><\/path><\/svg>\t\t\t\t\t\t<\/span>\n\t\t\t\t\t\t\t\t\t\t<span class=\"elementor-icon-list-text\">Nachhaltiger St\u00e4dtetrip nach Amsterdam<\/span>\n\t\t\t\t\t\t\t\t\t<\/li>\n\t\t\t\t\t\t\t\t<li class=\"elementor-icon-list-item\">\n\t\t\t\t\t\t\t\t\t\t\t<a href=\"http:\/\/Sanfter%20Tourismus%20in%20Montenegro\">\n\n\t\t\t\t\t\t\t\t\t\t\t\t<span class=\"elementor-icon-list-icon\">\n\t\t\t\t\t\t\t<svg aria-hidden=\"true\" class=\"e-font-icon-svg e-far-check-square\" viewBox=\"0 0 448 512\" xmlns=\"http:\/\/www.w3.org\/2000\/svg\"><path d=\"M400 32H48C21.49 32 0 53.49 0 80v352c0 26.51 21.49 48 48 48h352c26.51 0 48-21.49 48-48V80c0-26.51-21.49-48-48-48zm0 400H48V80h352v352zm-35.864-241.724L191.547 361.48c-4.705 4.667-12.303 4.637-16.97-.068l-90.781-91.516c-4.667-4.705-4.637-12.303.069-16.971l22.719-22.536c4.705-4.667 12.303-4.637 16.97.069l59.792 60.277 141.352-140.216c4.705-4.667 12.303-4.637 16.97.068l22.536 22.718c4.667 4.706 4.637 12.304-.068 16.971z\"><\/path><\/svg>\t\t\t\t\t\t<\/span>\n\t\t\t\t\t\t\t\t\t\t<span class=\"elementor-icon-list-text\">List Item<\/span>\n\t\t\t\t\t\t\t\t\t\t\t<\/a>\n\t\t\t\t\t\t\t\t\t<\/li>\n\t\t\t\t\t\t<\/ul>\n\t\t\t\t\t\t<\/div>\n\t\t\t\t<\/div>\n\t\t\t\t<div class=\"elementor-element elementor-element-51139fc elementor-widget elementor-widget-text-editor\" data-id=\"51139fc\" data-element_type=\"widget\" data-e-type=\"widget\" data-widget_type=\"text-editor.default\">\n\t\t\t\t<div class=\"elementor-widget-container\">\n\t\t\t\t\t\t\t\t\t<p>Im Plenum wurden die Konzepte diskutiert und mit fachlichem Feedback von Prof. Friedl erg\u00e4nzt. Den Abschluss bildeten eine kurze Zusammenfassung und praktische Empfehlungen f\u00fcr zukunftsf\u00e4higes Reisen.<\/p><p>Der Workshop bot den Sch\u00fcler:innen nicht nur fundiertes Expertenwissen, sondern auch anregende Impulse auf hohem inhaltlichem Niveau. Er zeigte deutlich, dass nachhaltiges Reisen nicht nur m\u00f6glich, sondern auch spannend und relevant ist \u2013 und dass jede:r Einzelne einen Beitrag leisten kann.<\/p>\t\t\t\t\t\t\t\t<\/div>\n\t\t\t\t<\/div>\n\t\t\t\t\t<\/div>\n\t\t\t\t<\/div>\n\t\t<div class=\"elementor-element elementor-element-3665079 e-flex e-con-boxed wpr-particle-no wpr-jarallax-no wpr-parallax-no wpr-sticky-section-no wpr-equal-height-no e-con e-parent\" data-id=\"3665079\" data-element_type=\"container\" data-e-type=\"container\">\n\t\t\t\t\t<div class=\"e-con-inner\">\n\t\t\t\t<div class=\"elementor-element elementor-element-aae12dc elementor-widget elementor-widget-image-gallery\" data-id=\"aae12dc\" data-element_type=\"widget\" data-e-type=\"widget\" data-widget_type=\"image-gallery.default\">\n\t\t\t\t<div class=\"elementor-widget-container\">\n\t\t\t\t\t\t\t<div class=\"elementor-image-gallery\">\n\t\t\t<div id='gallery-1' class='gallery galleryid-1660 gallery-columns-3 gallery-size-medium'><figure class='gallery-item'>\n\t\t\t<div class='gallery-icon landscape'>\n\t\t\t\t<a data-elementor-open-lightbox=\"yes\" data-elementor-lightbox-slideshow=\"aae12dc\" data-elementor-lightbox-title=\"20250516_102354\" data-e-action-hash=\"#elementor-action%3Aaction%3Dlightbox%26settings%3DeyJpZCI6MTQxMiwidXJsIjoiaHR0cHM6XC9cL2hhay1mZWxka2lyY2guYXRcL2Ntc1wvd3AtY29udGVudFwvdXBsb2Fkc1wvMjAyNFwvMTBcLzIwMjUwNTE2XzEwMjM1NC1zY2FsZWQuanBnIiwic2xpZGVzaG93IjoiYWFlMTJkYyJ9\" href='https:\/\/hak-feldkirch.at\/cms\/wp-content\/uploads\/2024\/10\/20250516_102354-scaled.jpg'><img width=\"300\" height=\"139\" src=\"https:\/\/hak-feldkirch.at\/cms\/wp-content\/uploads\/2024\/10\/20250516_102354-300x139.jpg\" class=\"attachment-medium size-medium\" alt=\"\" decoding=\"async\" srcset=\"https:\/\/hak-feldkirch.at\/cms\/wp-content\/uploads\/2024\/10\/20250516_102354-300x139.jpg 300w, https:\/\/hak-feldkirch.at\/cms\/wp-content\/uploads\/2024\/10\/20250516_102354-1024x473.jpg 1024w, https:\/\/hak-feldkirch.at\/cms\/wp-content\/uploads\/2024\/10\/20250516_102354-768x355.jpg 768w, https:\/\/hak-feldkirch.at\/cms\/wp-content\/uploads\/2024\/10\/20250516_102354-1536x710.jpg 1536w, https:\/\/hak-feldkirch.at\/cms\/wp-content\/uploads\/2024\/10\/20250516_102354-2048x946.jpg 2048w\" sizes=\"(max-width: 300px) 100vw, 300px\" \/><\/a>\n\t\t\t<\/div><\/figure><figure class='gallery-item'>\n\t\t\t<div class='gallery-icon landscape'>\n\t\t\t\t<a data-elementor-open-lightbox=\"yes\" data-elementor-lightbox-slideshow=\"aae12dc\" data-elementor-lightbox-title=\"20250516_085106\" data-e-action-hash=\"#elementor-action%3Aaction%3Dlightbox%26settings%3DeyJpZCI6MTQxMSwidXJsIjoiaHR0cHM6XC9cL2hhay1mZWxka2lyY2guYXRcL2Ntc1wvd3AtY29udGVudFwvdXBsb2Fkc1wvMjAyNFwvMTBcLzIwMjUwNTE2XzA4NTEwNi1zY2FsZWQuanBnIiwic2xpZGVzaG93IjoiYWFlMTJkYyJ9\" href='https:\/\/hak-feldkirch.at\/cms\/wp-content\/uploads\/2024\/10\/20250516_085106-scaled.jpg'><img width=\"300\" height=\"139\" src=\"https:\/\/hak-feldkirch.at\/cms\/wp-content\/uploads\/2024\/10\/20250516_085106-300x139.jpg\" class=\"attachment-medium size-medium\" alt=\"\" decoding=\"async\" srcset=\"https:\/\/hak-feldkirch.at\/cms\/wp-content\/uploads\/2024\/10\/20250516_085106-300x139.jpg 300w, https:\/\/hak-feldkirch.at\/cms\/wp-content\/uploads\/2024\/10\/20250516_085106-1024x473.jpg 1024w, https:\/\/hak-feldkirch.at\/cms\/wp-content\/uploads\/2024\/10\/20250516_085106-768x355.jpg 768w, https:\/\/hak-feldkirch.at\/cms\/wp-content\/uploads\/2024\/10\/20250516_085106-1536x710.jpg 1536w, https:\/\/hak-feldkirch.at\/cms\/wp-content\/uploads\/2024\/10\/20250516_085106-2048x946.jpg 2048w\" sizes=\"(max-width: 300px) 100vw, 300px\" \/><\/a>\n\t\t\t<\/div><\/figure><figure class='gallery-item'>\n\t\t\t<div class='gallery-icon landscape'>\n\t\t\t\t<a data-elementor-open-lightbox=\"yes\" data-elementor-lightbox-slideshow=\"aae12dc\" data-elementor-lightbox-title=\"20250516_113324\" data-e-action-hash=\"#elementor-action%3Aaction%3Dlightbox%26settings%3DeyJpZCI6MTQxMCwidXJsIjoiaHR0cHM6XC9cL2hhay1mZWxka2lyY2guYXRcL2Ntc1wvd3AtY29udGVudFwvdXBsb2Fkc1wvMjAyNFwvMTBcLzIwMjUwNTE2XzExMzMyNC1zY2FsZWQuanBnIiwic2xpZGVzaG93IjoiYWFlMTJkYyJ9\" href='https:\/\/hak-feldkirch.at\/cms\/wp-content\/uploads\/2024\/10\/20250516_113324-scaled.jpg'><img width=\"300\" height=\"139\" src=\"https:\/\/hak-feldkirch.at\/cms\/wp-content\/uploads\/2024\/10\/20250516_113324-300x139.jpg\" class=\"attachment-medium size-medium\" alt=\"nachhaltiges reisen\" decoding=\"async\" srcset=\"https:\/\/hak-feldkirch.at\/cms\/wp-content\/uploads\/2024\/10\/20250516_113324-300x139.jpg 300w, https:\/\/hak-feldkirch.at\/cms\/wp-content\/uploads\/2024\/10\/20250516_113324-1024x473.jpg 1024w, https:\/\/hak-feldkirch.at\/cms\/wp-content\/uploads\/2024\/10\/20250516_113324-768x355.jpg 768w, https:\/\/hak-feldkirch.at\/cms\/wp-content\/uploads\/2024\/10\/20250516_113324-1536x710.jpg 1536w, https:\/\/hak-feldkirch.at\/cms\/wp-content\/uploads\/2024\/10\/20250516_113324-2048x946.jpg 2048w\" sizes=\"(max-width: 300px) 100vw, 300px\" \/><\/a>\n\t\t\t<\/div><\/figure>\n\t\t<\/div>\n\t\t<\/div>\n\t\t\t\t\t\t<\/div>\n\t\t\t\t<\/div>\n\t\t\t\t\t<\/div>\n\t\t\t\t<\/div>\n\t\t\t\t<\/div>\n\t\t","protected":false},"excerpt":{"rendered":"<p>Am Freitag, dem 16. Mai 2025, nahm die Klasse 3bk der Handelsakademie Feldkirch im Rahmen des Unterrichtsfaches \u201eSustainable Tourism\u201c mit Natalie Straninger an einem spannenden Online-Workshop zum Thema \u201eNachhaltig Reisen\u201c teil. Die Veranstaltung wurde organisiert vom OeAD \u2013 \u00d6sterreichs Agentur f\u00fcr Bildung und Internationalisierung. Geleitet wurde der Workshop von FH-Prof. Friedl von der FH Joanneum, einem ausgewiesenen Experten im Bereich nachhaltiger Mobilit\u00e4t, Reisen und Klimaschutz. In seiner Einf\u00fchrung gab er pers\u00f6nliche Einblicke in seinen Werdegang sowie in seine Forschungsarbeit, die sich intensiv mit dem Zusammenspiel von Reisen, Nachhaltigkeit und Klimaschutz besch\u00e4ftigt. Im anschlie\u00dfenden Impulsvortrag beleuchtete Prof. Friedl zentrale Aspekte des klimafreundlichen Reisens. Dabei wurde auf Themen wie den CO\u2082-Fu\u00dfabdruck verschiedener Verkehrsmittel, das Reiseverhalten sowie Handlungsm\u00f6glichkeiten f\u00fcr Konsument:innen eingegangen. Nach einer kurzen Zusammenfassung der wichtigsten Do\u2019s and Don\u2019ts des nachhaltigen Reisens erhielten die Sch\u00fcler:innen den Auftrag, in Kleingruppen ein eigenes klimafreundliches Reiseprodukt f\u00fcr ihre Zielgruppe zu entwickeln. Die Pr\u00e4sentationen der Gruppen zeigten ein hohes Ma\u00df an Kreativit\u00e4t und Engagement. Zu den vorgestellten Ideen z\u00e4hlten u.\u202fa.: Inselurlaub auf Sizilien Klimafreundliche Reise in die T\u00fcrkei Nachhaltiger St\u00e4dtetrip nach Amsterdam List Item Im Plenum wurden die Konzepte diskutiert und mit fachlichem Feedback von Prof. Friedl erg\u00e4nzt. Den Abschluss bildeten eine kurze Zusammenfassung und praktische Empfehlungen f\u00fcr zukunftsf\u00e4higes Reisen. Der Workshop bot den Sch\u00fcler:innen nicht nur fundiertes Expertenwissen, sondern auch anregende Impulse auf hohem inhaltlichem Niveau. Er zeigte deutlich, dass nachhaltiges Reisen nicht nur m\u00f6glich, sondern auch spannend und relevant ist \u2013 und dass jede:r Einzelne einen Beitrag leisten kann.<\/p>\n","protected":false},"author":1,"featured_media":1412,"comment_status":"closed","ping_status":"closed","sticky":false,"template":"","format":"standard","meta":{"footnotes":""},"categories":[1,26],"tags":[],"class_list":["post-1660","post","type-post","status-publish","format-standard","has-post-thumbnail","hentry","category-allgemein","category-workshops"],"yoast_head":"<!-- This site is optimized with the Yoast SEO plugin v27.5 - https:\/\/yoast.com\/product\/yoast-seo-wordpress\/ -->\n<title>&quot;Nachhaltig Reisen&quot; &#8212; hak has fk<\/title>\n<meta name=\"description\" content=\"Handelsakademie Feldkirch \u2013 Deine Zukunft beginnt hier! Die HAK Feldkirch bietet eine erstklassige wirtschaftliche Ausbildung mit modernen Schwerpunkten wie Digital Business, JusHAK und futureHAK.\" \/>\n<meta name=\"robots\" content=\"index, follow, max-snippet:-1, max-image-preview:large, max-video-preview:-1\" \/>\n<link rel=\"canonical\" href=\"https:\/\/hak-feldkirch.at\/cms\/nachhaltig-reisen\/\" \/>\n<meta property=\"og:locale\" content=\"de_DE\" \/>\n<meta property=\"og:type\" content=\"article\" \/>\n<meta property=\"og:title\" content=\"&quot;Nachhaltig Reisen&quot; &#8212; hak has fk\" \/>\n<meta property=\"og:description\" content=\"Handelsakademie Feldkirch \u2013 Deine Zukunft beginnt hier! Die HAK Feldkirch bietet eine erstklassige wirtschaftliche Ausbildung mit modernen Schwerpunkten wie Digital Business, JusHAK und futureHAK.\" \/>\n<meta property=\"og:url\" content=\"https:\/\/hak-feldkirch.at\/cms\/nachhaltig-reisen\/\" \/>\n<meta property=\"og:site_name\" content=\"hak has fk\" \/>\n<meta property=\"article:publisher\" content=\"https:\/\/www.facebook.com\/hakhasfeldkirch\" \/>\n<meta property=\"article:published_time\" content=\"2025-05-31T05:41:05+00:00\" \/>\n<meta property=\"article:modified_time\" content=\"2025-06-02T19:09:29+00:00\" \/>\n<meta property=\"og:image\" content=\"https:\/\/hak-feldkirch.at\/cms\/wp-content\/uploads\/2024\/10\/20250516_102354-scaled.jpg\" \/>\n\t<meta property=\"og:image:width\" content=\"2560\" \/>\n\t<meta property=\"og:image:height\" content=\"1183\" \/>\n\t<meta property=\"og:image:type\" content=\"image\/jpeg\" \/>\n<meta name=\"author\" content=\"Benjamin Strauss\" \/>\n<meta name=\"twitter:card\" content=\"summary_large_image\" \/>\n<meta name=\"twitter:label1\" content=\"Verfasst von\" \/>\n\t<meta name=\"twitter:data1\" content=\"Benjamin Strauss\" \/>\n\t<meta name=\"twitter:label2\" content=\"Gesch\u00e4tzte Lesezeit\" \/>\n\t<meta name=\"twitter:data2\" content=\"2 Minuten\" \/>\n<script type=\"application\/ld+json\" class=\"yoast-schema-graph\">{\"@context\":\"https:\\\/\\\/schema.org\",\"@graph\":[{\"@type\":\"Article\",\"@id\":\"https:\\\/\\\/hak-feldkirch.at\\\/cms\\\/nachhaltig-reisen\\\/#article\",\"isPartOf\":{\"@id\":\"https:\\\/\\\/hak-feldkirch.at\\\/cms\\\/nachhaltig-reisen\\\/\"},\"author\":{\"name\":\"Benjamin Strauss\",\"@id\":\"https:\\\/\\\/hak-feldkirch.at\\\/cms\\\/#\\\/schema\\\/person\\\/2fbc28f5c1b1351ef4287ff74d6aa66e\"},\"headline\":\"&#8222;Nachhaltig Reisen&#8220;\",\"datePublished\":\"2025-05-31T05:41:05+00:00\",\"dateModified\":\"2025-06-02T19:09:29+00:00\",\"mainEntityOfPage\":{\"@id\":\"https:\\\/\\\/hak-feldkirch.at\\\/cms\\\/nachhaltig-reisen\\\/\"},\"wordCount\":272,\"publisher\":{\"@id\":\"https:\\\/\\\/hak-feldkirch.at\\\/cms\\\/#organization\"},\"image\":{\"@id\":\"https:\\\/\\\/hak-feldkirch.at\\\/cms\\\/nachhaltig-reisen\\\/#primaryimage\"},\"thumbnailUrl\":\"https:\\\/\\\/hak-feldkirch.at\\\/cms\\\/wp-content\\\/uploads\\\/2024\\\/10\\\/20250516_102354-scaled.jpg\",\"articleSection\":[\"allgemein\",\"workshops\"],\"inLanguage\":\"de-AT\"},{\"@type\":\"WebPage\",\"@id\":\"https:\\\/\\\/hak-feldkirch.at\\\/cms\\\/nachhaltig-reisen\\\/\",\"url\":\"https:\\\/\\\/hak-feldkirch.at\\\/cms\\\/nachhaltig-reisen\\\/\",\"name\":\"\\\"Nachhaltig Reisen\\\" &#8212; hak has fk\",\"isPartOf\":{\"@id\":\"https:\\\/\\\/hak-feldkirch.at\\\/cms\\\/#website\"},\"primaryImageOfPage\":{\"@id\":\"https:\\\/\\\/hak-feldkirch.at\\\/cms\\\/nachhaltig-reisen\\\/#primaryimage\"},\"image\":{\"@id\":\"https:\\\/\\\/hak-feldkirch.at\\\/cms\\\/nachhaltig-reisen\\\/#primaryimage\"},\"thumbnailUrl\":\"https:\\\/\\\/hak-feldkirch.at\\\/cms\\\/wp-content\\\/uploads\\\/2024\\\/10\\\/20250516_102354-scaled.jpg\",\"datePublished\":\"2025-05-31T05:41:05+00:00\",\"dateModified\":\"2025-06-02T19:09:29+00:00\",\"description\":\"Handelsakademie Feldkirch \u2013 Deine Zukunft beginnt hier! Die HAK Feldkirch bietet eine erstklassige wirtschaftliche Ausbildung mit modernen Schwerpunkten wie Digital Business, JusHAK und futureHAK.\",\"breadcrumb\":{\"@id\":\"https:\\\/\\\/hak-feldkirch.at\\\/cms\\\/nachhaltig-reisen\\\/#breadcrumb\"},\"inLanguage\":\"de-AT\",\"potentialAction\":[{\"@type\":\"ReadAction\",\"target\":[\"https:\\\/\\\/hak-feldkirch.at\\\/cms\\\/nachhaltig-reisen\\\/\"]}]},{\"@type\":\"ImageObject\",\"inLanguage\":\"de-AT\",\"@id\":\"https:\\\/\\\/hak-feldkirch.at\\\/cms\\\/nachhaltig-reisen\\\/#primaryimage\",\"url\":\"https:\\\/\\\/hak-feldkirch.at\\\/cms\\\/wp-content\\\/uploads\\\/2024\\\/10\\\/20250516_102354-scaled.jpg\",\"contentUrl\":\"https:\\\/\\\/hak-feldkirch.at\\\/cms\\\/wp-content\\\/uploads\\\/2024\\\/10\\\/20250516_102354-scaled.jpg\",\"width\":2560,\"height\":1183},{\"@type\":\"BreadcrumbList\",\"@id\":\"https:\\\/\\\/hak-feldkirch.at\\\/cms\\\/nachhaltig-reisen\\\/#breadcrumb\",\"itemListElement\":[{\"@type\":\"ListItem\",\"position\":1,\"name\":\"Startseite\",\"item\":\"https:\\\/\\\/hak-feldkirch.at\\\/cms\\\/\"},{\"@type\":\"ListItem\",\"position\":2,\"name\":\"&#8222;Nachhaltig Reisen&#8220;\"}]},{\"@type\":\"WebSite\",\"@id\":\"https:\\\/\\\/hak-feldkirch.at\\\/cms\\\/#website\",\"url\":\"https:\\\/\\\/hak-feldkirch.at\\\/cms\\\/\",\"name\":\"Handesakademie Feldkirch\",\"description\":\"Wirtschaftskompetenz. Zukunftsperspektiven. Erfolgsgeschichten.\",\"publisher\":{\"@id\":\"https:\\\/\\\/hak-feldkirch.at\\\/cms\\\/#organization\"},\"alternateName\":\"hak has fk\",\"potentialAction\":[{\"@type\":\"SearchAction\",\"target\":{\"@type\":\"EntryPoint\",\"urlTemplate\":\"https:\\\/\\\/hak-feldkirch.at\\\/cms\\\/?s={search_term_string}\"},\"query-input\":{\"@type\":\"PropertyValueSpecification\",\"valueRequired\":true,\"valueName\":\"search_term_string\"}}],\"inLanguage\":\"de-AT\"},{\"@type\":\"Organization\",\"@id\":\"https:\\\/\\\/hak-feldkirch.at\\\/cms\\\/#organization\",\"name\":\"hak has fk\",\"alternateName\":\"HAK Feldkirch\",\"url\":\"https:\\\/\\\/hak-feldkirch.at\\\/cms\\\/\",\"logo\":{\"@type\":\"ImageObject\",\"inLanguage\":\"de-AT\",\"@id\":\"https:\\\/\\\/hak-feldkirch.at\\\/cms\\\/#\\\/schema\\\/logo\\\/image\\\/\",\"url\":\"https:\\\/\\\/hak-feldkirch.at\\\/cms\\\/wp-content\\\/uploads\\\/2025\\\/05\\\/HAK_FC__green.svg\",\"contentUrl\":\"https:\\\/\\\/hak-feldkirch.at\\\/cms\\\/wp-content\\\/uploads\\\/2025\\\/05\\\/HAK_FC__green.svg\",\"width\":612,\"height\":792,\"caption\":\"hak has fk\"},\"image\":{\"@id\":\"https:\\\/\\\/hak-feldkirch.at\\\/cms\\\/#\\\/schema\\\/logo\\\/image\\\/\"},\"sameAs\":[\"https:\\\/\\\/www.facebook.com\\\/hakhasfeldkirch\",\"https:\\\/\\\/www.instagram.com\\\/hakhasfk\",\"https:\\\/\\\/www.tiktok.com\\\/@hakhasfk\"]},{\"@type\":\"Person\",\"@id\":\"https:\\\/\\\/hak-feldkirch.at\\\/cms\\\/#\\\/schema\\\/person\\\/2fbc28f5c1b1351ef4287ff74d6aa66e\",\"name\":\"Benjamin Strauss\",\"image\":{\"@type\":\"ImageObject\",\"inLanguage\":\"de-AT\",\"@id\":\"https:\\\/\\\/secure.gravatar.com\\\/avatar\\\/3b6dc6aeac04840ebb741365cade36e947d922eee942974750cbb5f188993a0e?s=96&d=mm&r=g\",\"url\":\"https:\\\/\\\/secure.gravatar.com\\\/avatar\\\/3b6dc6aeac04840ebb741365cade36e947d922eee942974750cbb5f188993a0e?s=96&d=mm&r=g\",\"contentUrl\":\"https:\\\/\\\/secure.gravatar.com\\\/avatar\\\/3b6dc6aeac04840ebb741365cade36e947d922eee942974750cbb5f188993a0e?s=96&d=mm&r=g\",\"caption\":\"Benjamin Strauss\"},\"sameAs\":[\"https:\\\/\\\/hak-feldkirch.at\\\/cms\"],\"url\":\"https:\\\/\\\/hak-feldkirch.at\\\/cms\\\/author\\\/admin_strauss_hak2\\\/\"}]}<\/script>\n<!-- \/ Yoast SEO plugin. -->","yoast_head_json":{"title":"\"Nachhaltig Reisen\" &#8212; hak has fk","description":"Handelsakademie Feldkirch \u2013 Deine Zukunft beginnt hier! Die HAK Feldkirch bietet eine erstklassige wirtschaftliche Ausbildung mit modernen Schwerpunkten wie Digital Business, JusHAK und futureHAK.","robots":{"index":"index","follow":"follow","max-snippet":"max-snippet:-1","max-image-preview":"max-image-preview:large","max-video-preview":"max-video-preview:-1"},"canonical":"https:\/\/hak-feldkirch.at\/cms\/nachhaltig-reisen\/","og_locale":"de_DE","og_type":"article","og_title":"\"Nachhaltig Reisen\" &#8212; hak has fk","og_description":"Handelsakademie Feldkirch \u2013 Deine Zukunft beginnt hier! Die HAK Feldkirch bietet eine erstklassige wirtschaftliche Ausbildung mit modernen Schwerpunkten wie Digital Business, JusHAK und futureHAK.","og_url":"https:\/\/hak-feldkirch.at\/cms\/nachhaltig-reisen\/","og_site_name":"hak has fk","article_publisher":"https:\/\/www.facebook.com\/hakhasfeldkirch","article_published_time":"2025-05-31T05:41:05+00:00","article_modified_time":"2025-06-02T19:09:29+00:00","og_image":[{"width":2560,"height":1183,"url":"https:\/\/hak-feldkirch.at\/cms\/wp-content\/uploads\/2024\/10\/20250516_102354-scaled.jpg","type":"image\/jpeg"}],"author":"Benjamin Strauss","twitter_card":"summary_large_image","twitter_misc":{"Verfasst von":"Benjamin Strauss","Gesch\u00e4tzte Lesezeit":"2 Minuten"},"schema":{"@context":"https:\/\/schema.org","@graph":[{"@type":"Article","@id":"https:\/\/hak-feldkirch.at\/cms\/nachhaltig-reisen\/#article","isPartOf":{"@id":"https:\/\/hak-feldkirch.at\/cms\/nachhaltig-reisen\/"},"author":{"name":"Benjamin Strauss","@id":"https:\/\/hak-feldkirch.at\/cms\/#\/schema\/person\/2fbc28f5c1b1351ef4287ff74d6aa66e"},"headline":"&#8222;Nachhaltig Reisen&#8220;","datePublished":"2025-05-31T05:41:05+00:00","dateModified":"2025-06-02T19:09:29+00:00","mainEntityOfPage":{"@id":"https:\/\/hak-feldkirch.at\/cms\/nachhaltig-reisen\/"},"wordCount":272,"publisher":{"@id":"https:\/\/hak-feldkirch.at\/cms\/#organization"},"image":{"@id":"https:\/\/hak-feldkirch.at\/cms\/nachhaltig-reisen\/#primaryimage"},"thumbnailUrl":"https:\/\/hak-feldkirch.at\/cms\/wp-content\/uploads\/2024\/10\/20250516_102354-scaled.jpg","articleSection":["allgemein","workshops"],"inLanguage":"de-AT"},{"@type":"WebPage","@id":"https:\/\/hak-feldkirch.at\/cms\/nachhaltig-reisen\/","url":"https:\/\/hak-feldkirch.at\/cms\/nachhaltig-reisen\/","name":"\"Nachhaltig Reisen\" &#8212; hak has fk","isPartOf":{"@id":"https:\/\/hak-feldkirch.at\/cms\/#website"},"primaryImageOfPage":{"@id":"https:\/\/hak-feldkirch.at\/cms\/nachhaltig-reisen\/#primaryimage"},"image":{"@id":"https:\/\/hak-feldkirch.at\/cms\/nachhaltig-reisen\/#primaryimage"},"thumbnailUrl":"https:\/\/hak-feldkirch.at\/cms\/wp-content\/uploads\/2024\/10\/20250516_102354-scaled.jpg","datePublished":"2025-05-31T05:41:05+00:00","dateModified":"2025-06-02T19:09:29+00:00","description":"Handelsakademie Feldkirch \u2013 Deine Zukunft beginnt hier! Die HAK Feldkirch bietet eine erstklassige wirtschaftliche Ausbildung mit modernen Schwerpunkten wie Digital Business, JusHAK und futureHAK.","breadcrumb":{"@id":"https:\/\/hak-feldkirch.at\/cms\/nachhaltig-reisen\/#breadcrumb"},"inLanguage":"de-AT","potentialAction":[{"@type":"ReadAction","target":["https:\/\/hak-feldkirch.at\/cms\/nachhaltig-reisen\/"]}]},{"@type":"ImageObject","inLanguage":"de-AT","@id":"https:\/\/hak-feldkirch.at\/cms\/nachhaltig-reisen\/#primaryimage","url":"https:\/\/hak-feldkirch.at\/cms\/wp-content\/uploads\/2024\/10\/20250516_102354-scaled.jpg","contentUrl":"https:\/\/hak-feldkirch.at\/cms\/wp-content\/uploads\/2024\/10\/20250516_102354-scaled.jpg","width":2560,"height":1183},{"@type":"BreadcrumbList","@id":"https:\/\/hak-feldkirch.at\/cms\/nachhaltig-reisen\/#breadcrumb","itemListElement":[{"@type":"ListItem","position":1,"name":"Startseite","item":"https:\/\/hak-feldkirch.at\/cms\/"},{"@type":"ListItem","position":2,"name":"&#8222;Nachhaltig Reisen&#8220;"}]},{"@type":"WebSite","@id":"https:\/\/hak-feldkirch.at\/cms\/#website","url":"https:\/\/hak-feldkirch.at\/cms\/","name":"Handesakademie Feldkirch","description":"Wirtschaftskompetenz. Zukunftsperspektiven. Erfolgsgeschichten.","publisher":{"@id":"https:\/\/hak-feldkirch.at\/cms\/#organization"},"alternateName":"hak has fk","potentialAction":[{"@type":"SearchAction","target":{"@type":"EntryPoint","urlTemplate":"https:\/\/hak-feldkirch.at\/cms\/?s={search_term_string}"},"query-input":{"@type":"PropertyValueSpecification","valueRequired":true,"valueName":"search_term_string"}}],"inLanguage":"de-AT"},{"@type":"Organization","@id":"https:\/\/hak-feldkirch.at\/cms\/#organization","name":"hak has fk","alternateName":"HAK Feldkirch","url":"https:\/\/hak-feldkirch.at\/cms\/","logo":{"@type":"ImageObject","inLanguage":"de-AT","@id":"https:\/\/hak-feldkirch.at\/cms\/#\/schema\/logo\/image\/","url":"https:\/\/hak-feldkirch.at\/cms\/wp-content\/uploads\/2025\/05\/HAK_FC__green.svg","contentUrl":"https:\/\/hak-feldkirch.at\/cms\/wp-content\/uploads\/2025\/05\/HAK_FC__green.svg","width":612,"height":792,"caption":"hak has fk"},"image":{"@id":"https:\/\/hak-feldkirch.at\/cms\/#\/schema\/logo\/image\/"},"sameAs":["https:\/\/www.facebook.com\/hakhasfeldkirch","https:\/\/www.instagram.com\/hakhasfk","https:\/\/www.tiktok.com\/@hakhasfk"]},{"@type":"Person","@id":"https:\/\/hak-feldkirch.at\/cms\/#\/schema\/person\/2fbc28f5c1b1351ef4287ff74d6aa66e","name":"Benjamin Strauss","image":{"@type":"ImageObject","inLanguage":"de-AT","@id":"https:\/\/secure.gravatar.com\/avatar\/3b6dc6aeac04840ebb741365cade36e947d922eee942974750cbb5f188993a0e?s=96&d=mm&r=g","url":"https:\/\/secure.gravatar.com\/avatar\/3b6dc6aeac04840ebb741365cade36e947d922eee942974750cbb5f188993a0e?s=96&d=mm&r=g","contentUrl":"https:\/\/secure.gravatar.com\/avatar\/3b6dc6aeac04840ebb741365cade36e947d922eee942974750cbb5f188993a0e?s=96&d=mm&r=g","caption":"Benjamin Strauss"},"sameAs":["https:\/\/hak-feldkirch.at\/cms"],"url":"https:\/\/hak-feldkirch.at\/cms\/author\/admin_strauss_hak2\/"}]}},"_links":{"self":[{"href":"https:\/\/hak-feldkirch.at\/cms\/wp-json\/wp\/v2\/posts\/1660","targetHints":{"allow":["GET"]}}],"collection":[{"href":"https:\/\/hak-feldkirch.at\/cms\/wp-json\/wp\/v2\/posts"}],"about":[{"href":"https:\/\/hak-feldkirch.at\/cms\/wp-json\/wp\/v2\/types\/post"}],"author":[{"embeddable":true,"href":"https:\/\/hak-feldkirch.at\/cms\/wp-json\/wp\/v2\/users\/1"}],"replies":[{"embeddable":true,"href":"https:\/\/hak-feldkirch.at\/cms\/wp-json\/wp\/v2\/comments?post=1660"}],"version-history":[{"count":20,"href":"https:\/\/hak-feldkirch.at\/cms\/wp-json\/wp\/v2\/posts\/1660\/revisions"}],"predecessor-version":[{"id":2035,"href":"https:\/\/hak-feldkirch.at\/cms\/wp-json\/wp\/v2\/posts\/1660\/revisions\/2035"}],"wp:featuredmedia":[{"embeddable":true,"href":"https:\/\/hak-feldkirch.at\/cms\/wp-json\/wp\/v2\/media\/1412"}],"wp:attachment":[{"href":"https:\/\/hak-feldkirch.at\/cms\/wp-json\/wp\/v2\/media?parent=1660"}],"wp:term":[{"taxonomy":"category","embeddable":true,"href":"https:\/\/hak-feldkirch.at\/cms\/wp-json\/wp\/v2\/categories?post=1660"},{"taxonomy":"post_tag","embeddable":true,"href":"https:\/\/hak-feldkirch.at\/cms\/wp-json\/wp\/v2\/tags?post=1660"}],"curies":[{"name":"wp","href":"https:\/\/api.w.org\/{rel}","templated":true}]}}